{"id":9112,"date":"2025-03-28T15:00:25","date_gmt":"2025-03-28T14:00:25","guid":{"rendered":"https:\/\/www.memoli.it\/?p=9112"},"modified":"2025-03-28T15:00:25","modified_gmt":"2025-03-28T14:00:25","slug":"memoli-und-simasv-auf-der-lamiera-2025","status":"publish","type":"post","link":"https:\/\/www.memoli.it\/de\/memoli-und-simasv-auf-der-lamiera-2025\/","title":{"rendered":"MEMOLI und SIMASV auf der LAMIERA 2025"},"content":{"rendered":"<p><img loading=\"lazy\" decoding=\"async\" class=\"wp-image-9098 aligncenter\" src=\"https:\/\/www.memoli.it\/wp-content\/uploads\/2025\/03\/Lamiera-2025-300x169.png\" alt=\"Memoli macchine curvatubi Lamiera 2025\" width=\"673\" height=\"379\" srcset=\"https:\/\/www.memoli.it\/wp-content\/uploads\/2025\/03\/Lamiera-2025-300x169.png 300w, https:\/\/www.memoli.it\/wp-content\/uploads\/2025\/03\/Lamiera-2025-1030x579.png 1030w, https:\/\/www.memoli.it\/wp-content\/uploads\/2025\/03\/Lamiera-2025-768x432.png 768w, https:\/\/www.memoli.it\/wp-content\/uploads\/2025\/03\/Lamiera-2025-705x397.png 705w, https:\/\/www.memoli.it\/wp-content\/uploads\/2025\/03\/Lamiera-2025.png 1280w\" sizes=\"auto, (max-width: 673px) 100vw, 673px\" \/><\/p>\n<p>&nbsp;<\/p>\n<p class=\"\" data-start=\"50\" data-end=\"113\"><strong data-start=\"50\" data-end=\"111\">Das unverzichtbare Event f\u00fcr die Blechbearbeitungsbranche<\/strong><\/p>\n<p class=\"\" data-start=\"115\" data-end=\"275\">Vom <strong data-start=\"119\" data-end=\"141\">6. bis 9. Mai 2025<\/strong> wird die <strong data-start=\"151\" data-end=\"171\">Fiera Milano Rho<\/strong> Gastgeber der <strong data-start=\"186\" data-end=\"202\">Lamiera 2025<\/strong> sein \u2013 der f\u00fchrenden Veranstaltung f\u00fcr die Blechbearbeitungsindustrie.<\/p>\n<p class=\"\" data-start=\"277\" data-end=\"520\">Organisiert von <strong data-start=\"293\" data-end=\"302\">UCIMU<\/strong>, bringt diese zweij\u00e4hrliche Messe Hersteller, Fachleute und Branchenexperten zusammen, um die neuesten Innovationen zu entdecken, praktische L\u00f6sungen auszutauschen und neue strategische Partnerschaften zu schlie\u00dfen.<\/p>\n<h3 class=\"\" data-start=\"522\" data-end=\"612\"><strong data-start=\"526\" data-end=\"610\"><a href=\"https:\/\/www.memoli.it\/de\/\">MEMOLI<\/a> und <a href=\"https:\/\/simasv.eu\/en\/\">SIMASV<\/a> auf der Lamiera 2025: Innovation und fortschrittliche L\u00f6sungen<\/strong><\/h3>\n<p class=\"\" data-start=\"613\" data-end=\"684\"><strong data-start=\"613\" data-end=\"634\"><a href=\"https:\/\/www.memoli.it\/de\/\">MEMOLI<\/a> und <a href=\"https:\/\/simasv.eu\/en\/\">SIMASV<\/a><\/strong> werden auf der <strong data-start=\"650\" data-end=\"666\">Lamiera 2025<\/strong> vertreten sein!<\/p>\n<p class=\"\" data-start=\"686\" data-end=\"805\">Besuchen Sie uns in <strong data-start=\"706\" data-end=\"729\">HALLE 13, STAND C12<\/strong>, um unsere innovativen L\u00f6sungen f\u00fcr das Biegen und Formen kennenzulernen.<\/p>\n<p class=\"\" data-start=\"807\" data-end=\"1116\">An unserem Stand k\u00f6nnen Sie:<\/p>\n<p class=\"\" data-start=\"807\" data-end=\"1116\">\u2705 Unsere neuesten Innovationen im Bereich Rohrbiegen und Metallumformung entdecken;<br data-start=\"921\" data-end=\"924\" \/>\u2705 Mit unserem Team in Kontakt treten, um die besten Technologien f\u00fcr Ihre Produktion zu finden;<br data-start=\"1019\" data-end=\"1022\" \/>\u2705 Aus erster Hand erfahren, wie unsere Maschinen Ihren Produktionsprozess optimieren k\u00f6nnen.<\/p>\n<h3 class=\"\" data-start=\"1118\" data-end=\"1193\"><strong data-start=\"1122\" data-end=\"1191\">Mehr als nur Maschinen \u2013 Ein zuverl\u00e4ssiger Partner an Ihrer Seite<\/strong><\/h3>\n<h4 class=\"\" data-start=\"1194\" data-end=\"1254\"><strong data-start=\"1199\" data-end=\"1252\">Warum sollten Sie an der Lamiera 2025 teilnehmen?<\/strong><\/h4>\n<p class=\"\" data-start=\"1255\" data-end=\"1450\">Diese Veranstaltung ist eine internationale Plattform f\u00fcr alle, die \u00fcber Branchentrends auf dem Laufenden bleiben und innovative L\u00f6sungen entdecken m\u00f6chten. Auf der <strong data-start=\"1420\" data-end=\"1436\">Lamiera 2025<\/strong> k\u00f6nnen Sie:<\/p>\n<p class=\"\" data-start=\"1452\" data-end=\"1727\">\ud83d\ude80 Die neuesten Technologien in den Bereichen Schneiden, Umformen und Automatisierung erkunden;<br data-start=\"1547\" data-end=\"1550\" \/>\ud83e\udd1d Neue Networking-M\u00f6glichkeiten mit Unternehmen und Fachleuten der Branche schaffen;<br data-start=\"1635\" data-end=\"1638\" \/>\ud83d\udcc8 Hochleistungsf\u00e4hige L\u00f6sungen zur Optimierung der industriellen Produktion entdecken.<\/p>\n<h3 class=\"\" data-start=\"1729\" data-end=\"1777\"><strong data-start=\"1733\" data-end=\"1775\">Besuchen Sie uns auf der Lamiera 2025!<\/strong><\/h3>\n<p class=\"\" data-start=\"1778\" data-end=\"1860\">Erleben Sie live, wie unsere Maschinen Ihre Arbeitsweise revolutionieren k\u00f6nnen.<\/p>\n<p class=\"\" data-start=\"1862\" data-end=\"1940\">\ud83d\udccd <strong data-start=\"1865\" data-end=\"1885\">Fiera Milano Rho<\/strong><br data-start=\"1885\" data-end=\"1888\" \/>\ud83e\udd1d <strong data-start=\"1891\" data-end=\"1914\">HALLE 13, STAND C12<\/strong><br data-start=\"1914\" data-end=\"1917\" \/>\ud83d\udcc5 <strong data-start=\"1920\" data-end=\"1938\">6.\u20139. Mai 2025<\/strong><\/p>\n<p class=\"\" data-start=\"1942\" data-end=\"2047\"><strong data-start=\"1942\" data-end=\"2045\">M\u00f6chten Sie ein Treffen mit unserem Team w\u00e4hrend der Messe vereinbaren? <a href=\"https:\/\/www.memoli.it\/de\/kontakt\/\">Kontaktieren Sie uns jetzt!<\/a><\/strong><\/p>\n<p class=\"\" data-start=\"2049\" data-end=\"2081\">\n","protected":false},"excerpt":{"rendered":"<p>&nbsp; Das unverzichtbare Event f\u00fcr die Blechbearbeitungsbranche Vom 6. bis 9. Mai 2025 wird die Fiera Milano Rho Gastgeber der Lamiera 2025 sein \u2013 der f\u00fchrenden Veranstaltung f\u00fcr die Blechbearbeitungsindustrie. Organisiert von UCIMU, bringt diese zweij\u00e4hrliche Messe Hersteller, Fachleute und Branchenexperten zusammen, um die neuesten Innovationen zu entdecken, praktische L\u00f6sungen auszutauschen und neue strategische Partnerschaften [&hellip;]<\/p>\n","protected":false},"author":2,"featured_media":9102,"comment_status":"closed","ping_status":"closed","sticky":false,"template":"","format":"standard","meta":{"footnotes":""},"categories":[55],"tags":[],"class_list":["post-9112","post","type-post","status-publish","format-standard","has-post-thumbnail","hentry","category-news-de"],"yoast_head":"<!-- This site is optimized with the Yoast SEO plugin v27.3 - https:\/\/yoast.com\/product\/yoast-seo-wordpress\/ -->\n<title>| MEMOLI und SIMASV auf der LAMIERA 2025 |<\/title>\n<meta name=\"description\" content=\"Besuchen Sie uns auf der Lamiera 2025! \ud83d\udccd Fiera Milano Rho, Italy \ud83e\udd1d HALLE 13, STAND C12 \ud83d\udcc5 6.\u20139. Mai 2025\" \/>\n<meta name=\"robots\" content=\"index, follow, max-snippet:-1, max-image-preview:large, max-video-preview:-1\" \/>\n<link rel=\"canonical\" href=\"https:\/\/www.memoli.it\/de\/memoli-und-simasv-auf-der-lamiera-2025\/\" \/>\n<meta property=\"og:locale\" content=\"de_DE\" \/>\n<meta property=\"og:type\" content=\"article\" \/>\n<meta property=\"og:title\" content=\"| MEMOLI und SIMASV auf der LAMIERA 2025 |\" \/>\n<meta property=\"og:description\" content=\"Besuchen Sie uns auf der Lamiera 2025! \ud83d\udccd Fiera Milano Rho, Italy \ud83e\udd1d HALLE 13, STAND C12 \ud83d\udcc5 6.\u20139. Mai 2025\" \/>\n<meta property=\"og:url\" content=\"https:\/\/www.memoli.it\/de\/memoli-und-simasv-auf-der-lamiera-2025\/\" \/>\n<meta property=\"og:site_name\" content=\"Memoli Curvatubi\" \/>\n<meta property=\"article:published_time\" content=\"2025-03-28T14:00:25+00:00\" \/>\n<meta property=\"og:image\" content=\"https:\/\/www.memoli.it\/wp-content\/uploads\/2025\/03\/Lamiera_Exhibition_2025_The_Bright_Side_of_Metalforming.webp\" \/>\n\t<meta property=\"og:image:width\" content=\"942\" \/>\n\t<meta property=\"og:image:height\" content=\"768\" \/>\n\t<meta property=\"og:image:type\" content=\"image\/webp\" \/>\n<meta name=\"author\" content=\"M3moli\" \/>\n<meta name=\"twitter:card\" content=\"summary_large_image\" \/>\n<meta name=\"twitter:label1\" content=\"Verfasst von\" \/>\n\t<meta name=\"twitter:data1\" content=\"M3moli\" \/>\n\t<meta name=\"twitter:label2\" content=\"Gesch\u00e4tzte Lesezeit\" \/>\n\t<meta name=\"twitter:data2\" content=\"2\u00a0Minuten\" \/>\n<script type=\"application\/ld+json\" class=\"yoast-schema-graph\">{\"@context\":\"https:\\\/\\\/schema.org\",\"@graph\":[{\"@type\":\"Article\",\"@id\":\"https:\\\/\\\/www.memoli.it\\\/de\\\/memoli-und-simasv-auf-der-lamiera-2025\\\/#article\",\"isPartOf\":{\"@id\":\"https:\\\/\\\/www.memoli.it\\\/de\\\/memoli-und-simasv-auf-der-lamiera-2025\\\/\"},\"author\":{\"name\":\"M3moli\",\"@id\":\"https:\\\/\\\/www.memoli.it\\\/en\\\/#\\\/schema\\\/person\\\/3eedf5f3c9b81043e8f18969419eeb51\"},\"headline\":\"MEMOLI und SIMASV auf der LAMIERA 2025\",\"datePublished\":\"2025-03-28T14:00:25+00:00\",\"mainEntityOfPage\":{\"@id\":\"https:\\\/\\\/www.memoli.it\\\/de\\\/memoli-und-simasv-auf-der-lamiera-2025\\\/\"},\"wordCount\":265,\"image\":{\"@id\":\"https:\\\/\\\/www.memoli.it\\\/de\\\/memoli-und-simasv-auf-der-lamiera-2025\\\/#primaryimage\"},\"thumbnailUrl\":\"https:\\\/\\\/www.memoli.it\\\/wp-content\\\/uploads\\\/2025\\\/03\\\/Lamiera_Exhibition_2025_The_Bright_Side_of_Metalforming.webp\",\"articleSection\":[\"NEWS DE\"],\"inLanguage\":\"de\"},{\"@type\":\"WebPage\",\"@id\":\"https:\\\/\\\/www.memoli.it\\\/de\\\/memoli-und-simasv-auf-der-lamiera-2025\\\/\",\"url\":\"https:\\\/\\\/www.memoli.it\\\/de\\\/memoli-und-simasv-auf-der-lamiera-2025\\\/\",\"name\":\"| MEMOLI und SIMASV auf der LAMIERA 2025 |\",\"isPartOf\":{\"@id\":\"https:\\\/\\\/www.memoli.it\\\/en\\\/#website\"},\"primaryImageOfPage\":{\"@id\":\"https:\\\/\\\/www.memoli.it\\\/de\\\/memoli-und-simasv-auf-der-lamiera-2025\\\/#primaryimage\"},\"image\":{\"@id\":\"https:\\\/\\\/www.memoli.it\\\/de\\\/memoli-und-simasv-auf-der-lamiera-2025\\\/#primaryimage\"},\"thumbnailUrl\":\"https:\\\/\\\/www.memoli.it\\\/wp-content\\\/uploads\\\/2025\\\/03\\\/Lamiera_Exhibition_2025_The_Bright_Side_of_Metalforming.webp\",\"datePublished\":\"2025-03-28T14:00:25+00:00\",\"author\":{\"@id\":\"https:\\\/\\\/www.memoli.it\\\/en\\\/#\\\/schema\\\/person\\\/3eedf5f3c9b81043e8f18969419eeb51\"},\"description\":\"Besuchen Sie uns auf der Lamiera 2025! \ud83d\udccd Fiera Milano Rho, Italy \ud83e\udd1d HALLE 13, STAND C12 \ud83d\udcc5 6.\u20139. Mai 2025\",\"breadcrumb\":{\"@id\":\"https:\\\/\\\/www.memoli.it\\\/de\\\/memoli-und-simasv-auf-der-lamiera-2025\\\/#breadcrumb\"},\"inLanguage\":\"de\",\"potentialAction\":[{\"@type\":\"ReadAction\",\"target\":[\"https:\\\/\\\/www.memoli.it\\\/de\\\/memoli-und-simasv-auf-der-lamiera-2025\\\/\"]}]},{\"@type\":\"ImageObject\",\"inLanguage\":\"de\",\"@id\":\"https:\\\/\\\/www.memoli.it\\\/de\\\/memoli-und-simasv-auf-der-lamiera-2025\\\/#primaryimage\",\"url\":\"https:\\\/\\\/www.memoli.it\\\/wp-content\\\/uploads\\\/2025\\\/03\\\/Lamiera_Exhibition_2025_The_Bright_Side_of_Metalforming.webp\",\"contentUrl\":\"https:\\\/\\\/www.memoli.it\\\/wp-content\\\/uploads\\\/2025\\\/03\\\/Lamiera_Exhibition_2025_The_Bright_Side_of_Metalforming.webp\",\"width\":942,\"height\":768},{\"@type\":\"BreadcrumbList\",\"@id\":\"https:\\\/\\\/www.memoli.it\\\/de\\\/memoli-und-simasv-auf-der-lamiera-2025\\\/#breadcrumb\",\"itemListElement\":[{\"@type\":\"ListItem\",\"position\":1,\"name\":\"Home\",\"item\":\"https:\\\/\\\/www.memoli.it\\\/de\\\/memoli-rohrbiegemaschinen-profilbiegemaschinen\\\/\"},{\"@type\":\"ListItem\",\"position\":2,\"name\":\"MEMOLI und SIMASV auf der LAMIERA 2025\"}]},{\"@type\":\"WebSite\",\"@id\":\"https:\\\/\\\/www.memoli.it\\\/en\\\/#website\",\"url\":\"https:\\\/\\\/www.memoli.it\\\/en\\\/\",\"name\":\"Memoli Curvatubi\",\"description\":\"Produzione Curvatubi piegatrici curvaprofili\",\"potentialAction\":[{\"@type\":\"SearchAction\",\"target\":{\"@type\":\"EntryPoint\",\"urlTemplate\":\"https:\\\/\\\/www.memoli.it\\\/en\\\/?s={search_term_string}\"},\"query-input\":{\"@type\":\"PropertyValueSpecification\",\"valueRequired\":true,\"valueName\":\"search_term_string\"}}],\"inLanguage\":\"de\"},{\"@type\":\"Person\",\"@id\":\"https:\\\/\\\/www.memoli.it\\\/en\\\/#\\\/schema\\\/person\\\/3eedf5f3c9b81043e8f18969419eeb51\",\"name\":\"M3moli\",\"image\":{\"@type\":\"ImageObject\",\"inLanguage\":\"de\",\"@id\":\"https:\\\/\\\/secure.gravatar.com\\\/avatar\\\/9a42c92b9e581c2a93ec921fffc406c5f4ea3d93f6c9725b46184e8b4ed8f442?s=96&d=mm&r=g\",\"url\":\"https:\\\/\\\/secure.gravatar.com\\\/avatar\\\/9a42c92b9e581c2a93ec921fffc406c5f4ea3d93f6c9725b46184e8b4ed8f442?s=96&d=mm&r=g\",\"contentUrl\":\"https:\\\/\\\/secure.gravatar.com\\\/avatar\\\/9a42c92b9e581c2a93ec921fffc406c5f4ea3d93f6c9725b46184e8b4ed8f442?s=96&d=mm&r=g\",\"caption\":\"M3moli\"}}]}<\/script>\n<!-- \/ Yoast SEO plugin. -->","yoast_head_json":{"title":"| MEMOLI und SIMASV auf der LAMIERA 2025 |","description":"Besuchen Sie uns auf der Lamiera 2025! \ud83d\udccd Fiera Milano Rho, Italy \ud83e\udd1d HALLE 13, STAND C12 \ud83d\udcc5 6.\u20139. Mai 2025","robots":{"index":"index","follow":"follow","max-snippet":"max-snippet:-1","max-image-preview":"max-image-preview:large","max-video-preview":"max-video-preview:-1"},"canonical":"https:\/\/www.memoli.it\/de\/memoli-und-simasv-auf-der-lamiera-2025\/","og_locale":"de_DE","og_type":"article","og_title":"| MEMOLI und SIMASV auf der LAMIERA 2025 |","og_description":"Besuchen Sie uns auf der Lamiera 2025! \ud83d\udccd Fiera Milano Rho, Italy \ud83e\udd1d HALLE 13, STAND C12 \ud83d\udcc5 6.\u20139. Mai 2025","og_url":"https:\/\/www.memoli.it\/de\/memoli-und-simasv-auf-der-lamiera-2025\/","og_site_name":"Memoli Curvatubi","article_published_time":"2025-03-28T14:00:25+00:00","og_image":[{"width":942,"height":768,"url":"https:\/\/www.memoli.it\/wp-content\/uploads\/2025\/03\/Lamiera_Exhibition_2025_The_Bright_Side_of_Metalforming.webp","type":"image\/webp"}],"author":"M3moli","twitter_card":"summary_large_image","twitter_misc":{"Verfasst von":"M3moli","Gesch\u00e4tzte Lesezeit":"2\u00a0Minuten"},"schema":{"@context":"https:\/\/schema.org","@graph":[{"@type":"Article","@id":"https:\/\/www.memoli.it\/de\/memoli-und-simasv-auf-der-lamiera-2025\/#article","isPartOf":{"@id":"https:\/\/www.memoli.it\/de\/memoli-und-simasv-auf-der-lamiera-2025\/"},"author":{"name":"M3moli","@id":"https:\/\/www.memoli.it\/en\/#\/schema\/person\/3eedf5f3c9b81043e8f18969419eeb51"},"headline":"MEMOLI und SIMASV auf der LAMIERA 2025","datePublished":"2025-03-28T14:00:25+00:00","mainEntityOfPage":{"@id":"https:\/\/www.memoli.it\/de\/memoli-und-simasv-auf-der-lamiera-2025\/"},"wordCount":265,"image":{"@id":"https:\/\/www.memoli.it\/de\/memoli-und-simasv-auf-der-lamiera-2025\/#primaryimage"},"thumbnailUrl":"https:\/\/www.memoli.it\/wp-content\/uploads\/2025\/03\/Lamiera_Exhibition_2025_The_Bright_Side_of_Metalforming.webp","articleSection":["NEWS DE"],"inLanguage":"de"},{"@type":"WebPage","@id":"https:\/\/www.memoli.it\/de\/memoli-und-simasv-auf-der-lamiera-2025\/","url":"https:\/\/www.memoli.it\/de\/memoli-und-simasv-auf-der-lamiera-2025\/","name":"| MEMOLI und SIMASV auf der LAMIERA 2025 |","isPartOf":{"@id":"https:\/\/www.memoli.it\/en\/#website"},"primaryImageOfPage":{"@id":"https:\/\/www.memoli.it\/de\/memoli-und-simasv-auf-der-lamiera-2025\/#primaryimage"},"image":{"@id":"https:\/\/www.memoli.it\/de\/memoli-und-simasv-auf-der-lamiera-2025\/#primaryimage"},"thumbnailUrl":"https:\/\/www.memoli.it\/wp-content\/uploads\/2025\/03\/Lamiera_Exhibition_2025_The_Bright_Side_of_Metalforming.webp","datePublished":"2025-03-28T14:00:25+00:00","author":{"@id":"https:\/\/www.memoli.it\/en\/#\/schema\/person\/3eedf5f3c9b81043e8f18969419eeb51"},"description":"Besuchen Sie uns auf der Lamiera 2025! \ud83d\udccd Fiera Milano Rho, Italy \ud83e\udd1d HALLE 13, STAND C12 \ud83d\udcc5 6.\u20139. Mai 2025","breadcrumb":{"@id":"https:\/\/www.memoli.it\/de\/memoli-und-simasv-auf-der-lamiera-2025\/#breadcrumb"},"inLanguage":"de","potentialAction":[{"@type":"ReadAction","target":["https:\/\/www.memoli.it\/de\/memoli-und-simasv-auf-der-lamiera-2025\/"]}]},{"@type":"ImageObject","inLanguage":"de","@id":"https:\/\/www.memoli.it\/de\/memoli-und-simasv-auf-der-lamiera-2025\/#primaryimage","url":"https:\/\/www.memoli.it\/wp-content\/uploads\/2025\/03\/Lamiera_Exhibition_2025_The_Bright_Side_of_Metalforming.webp","contentUrl":"https:\/\/www.memoli.it\/wp-content\/uploads\/2025\/03\/Lamiera_Exhibition_2025_The_Bright_Side_of_Metalforming.webp","width":942,"height":768},{"@type":"BreadcrumbList","@id":"https:\/\/www.memoli.it\/de\/memoli-und-simasv-auf-der-lamiera-2025\/#breadcrumb","itemListElement":[{"@type":"ListItem","position":1,"name":"Home","item":"https:\/\/www.memoli.it\/de\/memoli-rohrbiegemaschinen-profilbiegemaschinen\/"},{"@type":"ListItem","position":2,"name":"MEMOLI und SIMASV auf der LAMIERA 2025"}]},{"@type":"WebSite","@id":"https:\/\/www.memoli.it\/en\/#website","url":"https:\/\/www.memoli.it\/en\/","name":"Memoli Curvatubi","description":"Produzione Curvatubi piegatrici curvaprofili","potentialAction":[{"@type":"SearchAction","target":{"@type":"EntryPoint","urlTemplate":"https:\/\/www.memoli.it\/en\/?s={search_term_string}"},"query-input":{"@type":"PropertyValueSpecification","valueRequired":true,"valueName":"search_term_string"}}],"inLanguage":"de"},{"@type":"Person","@id":"https:\/\/www.memoli.it\/en\/#\/schema\/person\/3eedf5f3c9b81043e8f18969419eeb51","name":"M3moli","image":{"@type":"ImageObject","inLanguage":"de","@id":"https:\/\/secure.gravatar.com\/avatar\/9a42c92b9e581c2a93ec921fffc406c5f4ea3d93f6c9725b46184e8b4ed8f442?s=96&d=mm&r=g","url":"https:\/\/secure.gravatar.com\/avatar\/9a42c92b9e581c2a93ec921fffc406c5f4ea3d93f6c9725b46184e8b4ed8f442?s=96&d=mm&r=g","contentUrl":"https:\/\/secure.gravatar.com\/avatar\/9a42c92b9e581c2a93ec921fffc406c5f4ea3d93f6c9725b46184e8b4ed8f442?s=96&d=mm&r=g","caption":"M3moli"}}]}},"_links":{"self":[{"href":"https:\/\/www.memoli.it\/de\/wp-json\/wp\/v2\/posts\/9112","targetHints":{"allow":["GET"]}}],"collection":[{"href":"https:\/\/www.memoli.it\/de\/wp-json\/wp\/v2\/posts"}],"about":[{"href":"https:\/\/www.memoli.it\/de\/wp-json\/wp\/v2\/types\/post"}],"author":[{"embeddable":true,"href":"https:\/\/www.memoli.it\/de\/wp-json\/wp\/v2\/users\/2"}],"replies":[{"embeddable":true,"href":"https:\/\/www.memoli.it\/de\/wp-json\/wp\/v2\/comments?post=9112"}],"version-history":[{"count":2,"href":"https:\/\/www.memoli.it\/de\/wp-json\/wp\/v2\/posts\/9112\/revisions"}],"predecessor-version":[{"id":9114,"href":"https:\/\/www.memoli.it\/de\/wp-json\/wp\/v2\/posts\/9112\/revisions\/9114"}],"wp:featuredmedia":[{"embeddable":true,"href":"https:\/\/www.memoli.it\/de\/wp-json\/wp\/v2\/media\/9102"}],"wp:attachment":[{"href":"https:\/\/www.memoli.it\/de\/wp-json\/wp\/v2\/media?parent=9112"}],"wp:term":[{"taxonomy":"category","embeddable":true,"href":"https:\/\/www.memoli.it\/de\/wp-json\/wp\/v2\/categories?post=9112"},{"taxonomy":"post_tag","embeddable":true,"href":"https:\/\/www.memoli.it\/de\/wp-json\/wp\/v2\/tags?post=9112"}],"curies":[{"name":"wp","href":"https:\/\/api.w.org\/{rel}","templated":true}]}}